{"id":1597,"date":"2025-11-07T08:23:36","date_gmt":"2025-11-07T07:23:36","guid":{"rendered":"https:\/\/www.ibot.cas.cz\/botanika\/?p=1597"},"modified":"2026-04-21T07:36:06","modified_gmt":"2026-04-21T05:36:06","slug":"tradice-ceskeho-ovocnictvi-a-pomologicke-arboretum-na-chotobuzi","status":"publish","type":"post","link":"https:\/\/www.ibot.cas.cz\/botanika\/?p=1597","title":{"rendered":"Tradice \u010desk\u00e9ho ovocnictv\u00ed a Pomologick\u00e9 arboretum na Chotobuzi"},"content":{"rendered":"<p>Pr\u016fhonick\u00e9 pomologick\u00e9 arboretum, kter\u00e9 se nach\u00e1z\u00ed v \u010d\u00e1sti obce zvan\u00e9 Chotobuz, navazuje na na\u0161e nejstar\u0161\u00ed ovocn\u00e1\u0159sk\u00e9 tradice a je v sou\u010dasnosti nejstar\u0161\u00edm sb\u00edrkov\u00fdm ovocn\u00e1\u0159sk\u00fdm arboretem u n\u00e1s.<\/p>\n<p><a href=\"https:\/\/www.ibot.cas.cz\/botanika\/wp-content\/uploads\/sites\/19\/2025\/11\/8_225-scaled.jpg\"><img loading=\"lazy\" decoding=\"async\" class=\"alignnone wp-image-1583\" src=\"https:\/\/www.ibot.cas.cz\/botanika\/wp-content\/uploads\/sites\/19\/2025\/11\/8_225-300x225.jpg\" alt=\"\" width=\"900\" height=\"675\" srcset=\"https:\/\/www.ibot.cas.cz\/botanika\/wp-content\/uploads\/sites\/19\/2025\/11\/8_225-300x225.jpg 300w, https:\/\/www.ibot.cas.cz\/botanika\/wp-content\/uploads\/sites\/19\/2025\/11\/8_225-1024x768.jpg 1024w, https:\/\/www.ibot.cas.cz\/botanika\/wp-content\/uploads\/sites\/19\/2025\/11\/8_225-768x576.jpg 768w, https:\/\/www.ibot.cas.cz\/botanika\/wp-content\/uploads\/sites\/19\/2025\/11\/8_225-1536x1152.jpg 1536w, https:\/\/www.ibot.cas.cz\/botanika\/wp-content\/uploads\/sites\/19\/2025\/11\/8_225-2048x1536.jpg 2048w\" sizes=\"auto, (max-width: 900px) 100vw, 900px\" \/><\/a><br \/>\nJablon\u011b v Pomologick\u00e9m arboretu na Chotobuzi. Foto P. Sekerka<\/p>\n","protected":false},"excerpt":{"rendered":"<p>Pr\u016fhonick\u00e9 pomologick\u00e9 arboretum, kter\u00e9 se nach\u00e1z\u00ed v \u010d\u00e1sti obce zvan\u00e9 Chotobuz, navazuje na na\u0161e nejstar\u0161\u00ed ovocn\u00e1\u0159sk\u00e9 tradice a je v sou\u010dasnosti nejstar\u0161\u00edm sb\u00edrkov\u00fdm ovocn\u00e1\u0159sk\u00fdm arboretem u n\u00e1s. Jablon\u011b v Pomologick\u00e9m arboretu na Chotobuzi. Foto P. Sekerka<\/p>\n","protected":false},"author":4,"featured_media":1583,"comment_status":"closed","ping_status":"closed","sticky":false,"template":"","format":"standard","meta":{"_acf_changed":false,"footnotes":"","_links_to":"","_links_to_target":""},"categories":[698],"tags":[],"class_list":["post-1597","post","type-post","status-publish","format-standard","has-post-thumbnail","hentry","category-2025-2"],"acf":[],"_links":{"self":[{"href":"https:\/\/www.ibot.cas.cz\/botanika\/index.php?rest_route=\/wp\/v2\/posts\/1597","targetHints":{"allow":["GET"]}}],"collection":[{"href":"https:\/\/www.ibot.cas.cz\/botanika\/index.php?rest_route=\/wp\/v2\/posts"}],"about":[{"href":"https:\/\/www.ibot.cas.cz\/botanika\/index.php?rest_route=\/wp\/v2\/types\/post"}],"author":[{"embeddable":true,"href":"https:\/\/www.ibot.cas.cz\/botanika\/index.php?rest_route=\/wp\/v2\/users\/4"}],"replies":[{"embeddable":true,"href":"https:\/\/www.ibot.cas.cz\/botanika\/index.php?rest_route=%2Fwp%2Fv2%2Fcomments&post=1597"}],"version-history":[{"count":1,"href":"https:\/\/www.ibot.cas.cz\/botanika\/index.php?rest_route=\/wp\/v2\/posts\/1597\/revisions"}],"predecessor-version":[{"id":1598,"href":"https:\/\/www.ibot.cas.cz\/botanika\/index.php?rest_route=\/wp\/v2\/posts\/1597\/revisions\/1598"}],"wp:featuredmedia":[{"embeddable":true,"href":"https:\/\/www.ibot.cas.cz\/botanika\/index.php?rest_route=\/wp\/v2\/media\/1583"}],"wp:attachment":[{"href":"https:\/\/www.ibot.cas.cz\/botanika\/index.php?rest_route=%2Fwp%2Fv2%2Fmedia&parent=1597"}],"wp:term":[{"taxonomy":"category","embeddable":true,"href":"https:\/\/www.ibot.cas.cz\/botanika\/index.php?rest_route=%2Fwp%2Fv2%2Fcategories&post=1597"},{"taxonomy":"post_tag","embeddable":true,"href":"https:\/\/www.ibot.cas.cz\/botanika\/index.php?rest_route=%2Fwp%2Fv2%2Ftags&post=1597"}],"curies":[{"name":"wp","href":"https:\/\/api.w.org\/{rel}","templated":true}]}}