{"id":1595,"date":"2025-11-07T08:23:44","date_gmt":"2025-11-07T07:23:44","guid":{"rendered":"https:\/\/www.ibot.cas.cz\/botanika\/?p=1595"},"modified":"2026-04-21T07:35:54","modified_gmt":"2026-04-21T05:35:54","slug":"postrehy-ze-zivota-sterkopiskovych-naplavu","status":"publish","type":"post","link":"https:\/\/www.ibot.cas.cz\/botanika\/?p=1595","title":{"rendered":"Post\u0159ehy ze \u017eivota \u0161t\u011brkop\u00edskov\u00fdch n\u00e1plav\u016f"},"content":{"rendered":"<p>\u00dasek Labe mezi \u00dast\u00edm nad Labem a H\u0159enskem pat\u0159\u00ed mezi p\u0159\u00edrodov\u011bdecky i krajin\u00e1\u0159sky nejzaj\u00edmav\u011bj\u0161\u00ed m\u00edsta v \u010cesk\u00e9 republice. \u0158eka si pror\u00e1\u017e\u00ed cestu mohutn\u00fdmi kv\u00e1drov\u00fdmi p\u00edskovci a n\u00ed\u017ee ulo\u017een\u00fdm krystalinikem a tvo\u0159\u00ed a\u017e 300 m hlubok\u00fd ka\u0148on. Je to nejv\u011bt\u0161\u00ed ka\u0148on u n\u00e1s a nejmohutn\u011bj\u0161\u00ed p\u00edskovcov\u00fd ka\u0148on v Evrop\u011b. Ochrana \u00fazem\u00ed spad\u00e1 do t\u0159\u00ed soused\u00edc\u00edch oblast\u00ed, nejprve do CHKO \u010cesk\u00e9 st\u0159edoho\u0159\u00ed, od D\u011b\u010d\u00edna po hranici se Saskem do CHKO Labsk\u00e9 p\u00edskovce, j\u00e1dro p\u00edskovcov\u00e9 oblasti pak chr\u00e1n\u00ed N\u00e1rodn\u00ed park \u010cesk\u00e9 \u0160v\u00fdcarsko. V\u011bt\u0161inu n\u00e1v\u0161t\u011bvn\u00edk\u016f zaujmou p\u0159edev\u0161\u00edm monument\u00e1ln\u00ed sk\u00e1ly u \u0159eky Labe, nicm\u00e9n\u011b p\u0159\u00edrodov\u011bdecky je nem\u00e9n\u011b zaj\u00edmav\u00e9 i bezprost\u0159edn\u00ed okol\u00ed \u0159eky.<\/p>\n<p><a href=\"https:\/\/www.ibot.cas.cz\/botanika\/wp-content\/uploads\/sites\/19\/2025\/11\/7_225-scaled.jpg\"><img loading=\"lazy\" decoding=\"async\" class=\"alignnone wp-image-1582\" src=\"https:\/\/www.ibot.cas.cz\/botanika\/wp-content\/uploads\/sites\/19\/2025\/11\/7_225-300x200.jpg\" alt=\"\" width=\"900\" height=\"600\" srcset=\"https:\/\/www.ibot.cas.cz\/botanika\/wp-content\/uploads\/sites\/19\/2025\/11\/7_225-300x200.jpg 300w, https:\/\/www.ibot.cas.cz\/botanika\/wp-content\/uploads\/sites\/19\/2025\/11\/7_225-1024x683.jpg 1024w, https:\/\/www.ibot.cas.cz\/botanika\/wp-content\/uploads\/sites\/19\/2025\/11\/7_225-768x512.jpg 768w, https:\/\/www.ibot.cas.cz\/botanika\/wp-content\/uploads\/sites\/19\/2025\/11\/7_225-1536x1024.jpg 1536w, https:\/\/www.ibot.cas.cz\/botanika\/wp-content\/uploads\/sites\/19\/2025\/11\/7_225-2048x1365.jpg 2048w\" sizes=\"auto, (max-width: 900px) 100vw, 900px\" \/><\/a><br \/>\nDrobnokv\u011bt pob\u0159e\u017en\u00ed (<em>Corrigiola litoralis<\/em>), kriticky ohro\u017een\u00fd druh na\u0161\u00ed kv\u011bteny vyskytuj\u00edc\u00ed se v sou\u010dasnosti jen na n\u011bkolika lokalit\u00e1ch na Labi a jedn\u00e9 adventivn\u00ed lokalit\u011b v Praze. N\u00e1plav H\u0159ensko, 2. srpna 2022. Foto Z. Sejfov\u00e1<\/p>\n","protected":false},"excerpt":{"rendered":"<p>\u00dasek Labe mezi \u00dast\u00edm nad Labem a H\u0159enskem pat\u0159\u00ed mezi p\u0159\u00edrodov\u011bdecky i krajin\u00e1\u0159sky nejzaj\u00edmav\u011bj\u0161\u00ed m\u00edsta v \u010cesk\u00e9 republice. \u0158eka si pror\u00e1\u017e\u00ed cestu mohutn\u00fdmi kv\u00e1drov\u00fdmi p\u00edskovci a n\u00ed\u017ee ulo\u017een\u00fdm krystalinikem a tvo\u0159\u00ed a\u017e 300 m hlubok\u00fd ka\u0148on. Je to nejv\u011bt\u0161\u00ed ka\u0148on u n\u00e1s a nejmohutn\u011bj\u0161\u00ed p\u00edskovcov\u00fd ka\u0148on v Evrop\u011b. Ochrana \u00fazem\u00ed spad\u00e1 do t\u0159\u00ed soused\u00edc\u00edch oblast\u00ed, [&hellip;]<\/p>\n","protected":false},"author":4,"featured_media":1582,"comment_status":"closed","ping_status":"closed","sticky":false,"template":"","format":"standard","meta":{"_acf_changed":false,"footnotes":"","_links_to":"","_links_to_target":""},"categories":[698],"tags":[],"class_list":["post-1595","post","type-post","status-publish","format-standard","has-post-thumbnail","hentry","category-2025-2"],"acf":[],"_links":{"self":[{"href":"https:\/\/www.ibot.cas.cz\/botanika\/index.php?rest_route=\/wp\/v2\/posts\/1595","targetHints":{"allow":["GET"]}}],"collection":[{"href":"https:\/\/www.ibot.cas.cz\/botanika\/index.php?rest_route=\/wp\/v2\/posts"}],"about":[{"href":"https:\/\/www.ibot.cas.cz\/botanika\/index.php?rest_route=\/wp\/v2\/types\/post"}],"author":[{"embeddable":true,"href":"https:\/\/www.ibot.cas.cz\/botanika\/index.php?rest_route=\/wp\/v2\/users\/4"}],"replies":[{"embeddable":true,"href":"https:\/\/www.ibot.cas.cz\/botanika\/index.php?rest_route=%2Fwp%2Fv2%2Fcomments&post=1595"}],"version-history":[{"count":1,"href":"https:\/\/www.ibot.cas.cz\/botanika\/index.php?rest_route=\/wp\/v2\/posts\/1595\/revisions"}],"predecessor-version":[{"id":1596,"href":"https:\/\/www.ibot.cas.cz\/botanika\/index.php?rest_route=\/wp\/v2\/posts\/1595\/revisions\/1596"}],"wp:featuredmedia":[{"embeddable":true,"href":"https:\/\/www.ibot.cas.cz\/botanika\/index.php?rest_route=\/wp\/v2\/media\/1582"}],"wp:attachment":[{"href":"https:\/\/www.ibot.cas.cz\/botanika\/index.php?rest_route=%2Fwp%2Fv2%2Fmedia&parent=1595"}],"wp:term":[{"taxonomy":"category","embeddable":true,"href":"https:\/\/www.ibot.cas.cz\/botanika\/index.php?rest_route=%2Fwp%2Fv2%2Fcategories&post=1595"},{"taxonomy":"post_tag","embeddable":true,"href":"https:\/\/www.ibot.cas.cz\/botanika\/index.php?rest_route=%2Fwp%2Fv2%2Ftags&post=1595"}],"curies":[{"name":"wp","href":"https:\/\/api.w.org\/{rel}","templated":true}]}}