{"id":1593,"date":"2025-11-07T08:23:52","date_gmt":"2025-11-07T07:23:52","guid":{"rendered":"https:\/\/www.ibot.cas.cz\/botanika\/?p=1593"},"modified":"2026-04-21T07:35:44","modified_gmt":"2026-04-21T05:35:44","slug":"vymladkove-lesy-jako-spolecne-dilo-prirody-a-cloveka","status":"publish","type":"post","link":"https:\/\/www.ibot.cas.cz\/botanika\/?p=1593","title":{"rendered":"V\u00fdmladkov\u00e9 lesy jako spole\u010dn\u00e9 d\u00edlo p\u0159\u00edrody a \u010dlov\u011bka"},"content":{"rendered":"<p>Mysl\u00edme si \u010dasto, \u017ee \u010dlov\u011bk p\u0159\u00edrodu jen ni\u010d\u00ed. Ve skute\u010dnosti ale i mnoho cenn\u00fdch p\u0159\u00edrodn\u00edch stanovi\u0161\u0165 vzniklo dlouhodob\u00fdm p\u016fsoben\u00edm \u010dlov\u011bka. V\u011bt\u0161inou se n\u00e1m vybav\u00ed t\u0159eba kv\u011btnat\u00e9 louky, ale tot\u00e9\u017e plat\u00ed i pro lesy. V\u00fdmladkov\u00e9 (pa\u0159ezinov\u00e9) hospoda\u0159en\u00ed je kr\u00e1sn\u00fdm p\u0159\u00edkladem toho, jak m\u016f\u017ee lidsk\u00e1 \u010dinnost pestrou p\u0159\u00edrodu dlouhodob\u011b spoluutv\u00e1\u0159et.<\/p>\n<div id=\"attachment_1581\" style=\"width: 910px\" class=\"wp-caption alignnone\"><a href=\"https:\/\/www.ibot.cas.cz\/botanika\/wp-content\/uploads\/sites\/19\/2025\/11\/6_225-scaled.jpg\"><img loading=\"lazy\" decoding=\"async\" aria-describedby=\"caption-attachment-1581\" class=\"wp-image-1581\" src=\"https:\/\/www.ibot.cas.cz\/botanika\/wp-content\/uploads\/sites\/19\/2025\/11\/6_225-300x200.jpg\" alt=\"\" width=\"900\" height=\"600\" srcset=\"https:\/\/www.ibot.cas.cz\/botanika\/wp-content\/uploads\/sites\/19\/2025\/11\/6_225-300x200.jpg 300w, https:\/\/www.ibot.cas.cz\/botanika\/wp-content\/uploads\/sites\/19\/2025\/11\/6_225-1024x683.jpg 1024w, https:\/\/www.ibot.cas.cz\/botanika\/wp-content\/uploads\/sites\/19\/2025\/11\/6_225-768x512.jpg 768w, https:\/\/www.ibot.cas.cz\/botanika\/wp-content\/uploads\/sites\/19\/2025\/11\/6_225-1536x1024.jpg 1536w, https:\/\/www.ibot.cas.cz\/botanika\/wp-content\/uploads\/sites\/19\/2025\/11\/6_225-2048x1365.jpg 2048w\" sizes=\"auto, (max-width: 900px) 100vw, 900px\" \/><\/a><p id=\"caption-attachment-1581\" class=\"wp-caption-text\"><span style=\"font-size: 16px;\">R\u016f\u017eov\u00e9 kv\u011bty smolni\u010dky (<em>Viscaria vulgaris<\/em>) zdob\u00ed teprve loni vytvo\u0159enou paseku. V z\u00f3n\u011b soust\u0159ed\u011bn\u00e9 p\u00e9\u010de N\u00e1rodn\u00edho parku Podyj\u00ed takto lesn\u00edci obnovuj\u00ed za\u0161lou kr\u00e1su v\u00fdmladkov\u00fdch les\u016f. <\/span><span style=\"font-size: 16px;\">Foto R. H\u00e9dl<\/span><\/p><\/div>\n","protected":false},"excerpt":{"rendered":"<p>Mysl\u00edme si \u010dasto, \u017ee \u010dlov\u011bk p\u0159\u00edrodu jen ni\u010d\u00ed. Ve skute\u010dnosti ale i mnoho cenn\u00fdch p\u0159\u00edrodn\u00edch stanovi\u0161\u0165 vzniklo dlouhodob\u00fdm p\u016fsoben\u00edm \u010dlov\u011bka. V\u011bt\u0161inou se n\u00e1m vybav\u00ed t\u0159eba kv\u011btnat\u00e9 louky, ale tot\u00e9\u017e plat\u00ed i pro lesy. V\u00fdmladkov\u00e9 (pa\u0159ezinov\u00e9) hospoda\u0159en\u00ed je kr\u00e1sn\u00fdm p\u0159\u00edkladem toho, jak m\u016f\u017ee lidsk\u00e1 \u010dinnost pestrou p\u0159\u00edrodu dlouhodob\u011b spoluutv\u00e1\u0159et.<\/p>\n","protected":false},"author":4,"featured_media":1581,"comment_status":"closed","ping_status":"closed","sticky":false,"template":"","format":"standard","meta":{"_acf_changed":false,"footnotes":"","_links_to":"","_links_to_target":""},"categories":[698],"tags":[],"class_list":["post-1593","post","type-post","status-publish","format-standard","has-post-thumbnail","hentry","category-2025-2"],"acf":[],"_links":{"self":[{"href":"https:\/\/www.ibot.cas.cz\/botanika\/index.php?rest_route=\/wp\/v2\/posts\/1593","targetHints":{"allow":["GET"]}}],"collection":[{"href":"https:\/\/www.ibot.cas.cz\/botanika\/index.php?rest_route=\/wp\/v2\/posts"}],"about":[{"href":"https:\/\/www.ibot.cas.cz\/botanika\/index.php?rest_route=\/wp\/v2\/types\/post"}],"author":[{"embeddable":true,"href":"https:\/\/www.ibot.cas.cz\/botanika\/index.php?rest_route=\/wp\/v2\/users\/4"}],"replies":[{"embeddable":true,"href":"https:\/\/www.ibot.cas.cz\/botanika\/index.php?rest_route=%2Fwp%2Fv2%2Fcomments&post=1593"}],"version-history":[{"count":1,"href":"https:\/\/www.ibot.cas.cz\/botanika\/index.php?rest_route=\/wp\/v2\/posts\/1593\/revisions"}],"predecessor-version":[{"id":1594,"href":"https:\/\/www.ibot.cas.cz\/botanika\/index.php?rest_route=\/wp\/v2\/posts\/1593\/revisions\/1594"}],"wp:featuredmedia":[{"embeddable":true,"href":"https:\/\/www.ibot.cas.cz\/botanika\/index.php?rest_route=\/wp\/v2\/media\/1581"}],"wp:attachment":[{"href":"https:\/\/www.ibot.cas.cz\/botanika\/index.php?rest_route=%2Fwp%2Fv2%2Fmedia&parent=1593"}],"wp:term":[{"taxonomy":"category","embeddable":true,"href":"https:\/\/www.ibot.cas.cz\/botanika\/index.php?rest_route=%2Fwp%2Fv2%2Fcategories&post=1593"},{"taxonomy":"post_tag","embeddable":true,"href":"https:\/\/www.ibot.cas.cz\/botanika\/index.php?rest_route=%2Fwp%2Fv2%2Ftags&post=1593"}],"curies":[{"name":"wp","href":"https:\/\/api.w.org\/{rel}","templated":true}]}}