{"id":1591,"date":"2025-11-07T08:23:59","date_gmt":"2025-11-07T07:23:59","guid":{"rendered":"https:\/\/www.ibot.cas.cz\/botanika\/?p=1591"},"modified":"2026-04-21T07:35:32","modified_gmt":"2026-04-21T05:35:32","slug":"od-pupenu-k-rostline-co-nam-prozradi-prezimujici-pupeny","status":"publish","type":"post","link":"https:\/\/www.ibot.cas.cz\/botanika\/?p=1591","title":{"rendered":"Od pupenu k rostlin\u011b. Co n\u00e1m prozrad\u00ed p\u0159ezimuj\u00edc\u00ed pupeny?"},"content":{"rendered":"<p>Vytrval\u00e9 byliny tvo\u0159\u00ed podstatnou \u010d\u00e1st na\u0161\u00ed st\u0159edoevropsk\u00e9 fl\u00f3ry. S p\u0159\u00edchodem zimy a prvn\u00edch mraz\u00edk\u016f sice nadzemn\u00ed \u010d\u00e1sti bylin miz\u00ed z krajiny, ale \u017eivot samotn\u00fdch bylin zdaleka nekon\u010d\u00ed. Naopak, pokra\u010duje skryt\u011b pod povrchem v p\u016fd\u011b. Vytrvalost bylin znamen\u00e1, \u017ee rostlina p\u0159e\u017e\u00edv\u00e1 v\u00edce sez\u00f3n, ale k tomu je nutn\u00e1 d\u016fkladn\u00e1 p\u0159\u00edprava.<\/p>\n<p><a href=\"https:\/\/www.ibot.cas.cz\/botanika\/wp-content\/uploads\/sites\/19\/2025\/11\/5_225-scaled.jpg\"><img loading=\"lazy\" decoding=\"async\" class=\"alignnone wp-image-1580\" src=\"https:\/\/www.ibot.cas.cz\/botanika\/wp-content\/uploads\/sites\/19\/2025\/11\/5_225-300x200.jpg\" alt=\"\" width=\"900\" height=\"600\" srcset=\"https:\/\/www.ibot.cas.cz\/botanika\/wp-content\/uploads\/sites\/19\/2025\/11\/5_225-300x200.jpg 300w, https:\/\/www.ibot.cas.cz\/botanika\/wp-content\/uploads\/sites\/19\/2025\/11\/5_225-1024x683.jpg 1024w, https:\/\/www.ibot.cas.cz\/botanika\/wp-content\/uploads\/sites\/19\/2025\/11\/5_225-768x512.jpg 768w, https:\/\/www.ibot.cas.cz\/botanika\/wp-content\/uploads\/sites\/19\/2025\/11\/5_225-1536x1024.jpg 1536w, https:\/\/www.ibot.cas.cz\/botanika\/wp-content\/uploads\/sites\/19\/2025\/11\/5_225-2048x1365.jpg 2048w\" sizes=\"auto, (max-width: 900px) 100vw, 900px\" \/><\/a><br \/>\nZa\u010d\u00ednaj\u00edc\u00ed kv\u011btn\u00ed preformace. Zalo\u017een\u00e9 kali\u0161n\u00ed l\u00edstky kv\u011btu uvnit\u0159 pupenu jahodn\u00edku truskavce (<em>Fragaria moschata<\/em>). Foto R. Schnablov\u00e1<\/p>\n<p>&nbsp;<\/p>\n","protected":false},"excerpt":{"rendered":"<p>Vytrval\u00e9 byliny tvo\u0159\u00ed podstatnou \u010d\u00e1st na\u0161\u00ed st\u0159edoevropsk\u00e9 fl\u00f3ry. S p\u0159\u00edchodem zimy a prvn\u00edch mraz\u00edk\u016f sice nadzemn\u00ed \u010d\u00e1sti bylin miz\u00ed z krajiny, ale \u017eivot samotn\u00fdch bylin zdaleka nekon\u010d\u00ed. Naopak, pokra\u010duje skryt\u011b pod povrchem v p\u016fd\u011b. Vytrvalost bylin znamen\u00e1, \u017ee rostlina p\u0159e\u017e\u00edv\u00e1 v\u00edce sez\u00f3n, ale k tomu je nutn\u00e1 d\u016fkladn\u00e1 p\u0159\u00edprava. Za\u010d\u00ednaj\u00edc\u00ed kv\u011btn\u00ed preformace. Zalo\u017een\u00e9 kali\u0161n\u00ed l\u00edstky [&hellip;]<\/p>\n","protected":false},"author":4,"featured_media":1580,"comment_status":"closed","ping_status":"closed","sticky":false,"template":"","format":"standard","meta":{"_acf_changed":false,"footnotes":"","_links_to":"","_links_to_target":""},"categories":[698],"tags":[],"class_list":["post-1591","post","type-post","status-publish","format-standard","has-post-thumbnail","hentry","category-2025-2"],"acf":[],"_links":{"self":[{"href":"https:\/\/www.ibot.cas.cz\/botanika\/index.php?rest_route=\/wp\/v2\/posts\/1591","targetHints":{"allow":["GET"]}}],"collection":[{"href":"https:\/\/www.ibot.cas.cz\/botanika\/index.php?rest_route=\/wp\/v2\/posts"}],"about":[{"href":"https:\/\/www.ibot.cas.cz\/botanika\/index.php?rest_route=\/wp\/v2\/types\/post"}],"author":[{"embeddable":true,"href":"https:\/\/www.ibot.cas.cz\/botanika\/index.php?rest_route=\/wp\/v2\/users\/4"}],"replies":[{"embeddable":true,"href":"https:\/\/www.ibot.cas.cz\/botanika\/index.php?rest_route=%2Fwp%2Fv2%2Fcomments&post=1591"}],"version-history":[{"count":1,"href":"https:\/\/www.ibot.cas.cz\/botanika\/index.php?rest_route=\/wp\/v2\/posts\/1591\/revisions"}],"predecessor-version":[{"id":1592,"href":"https:\/\/www.ibot.cas.cz\/botanika\/index.php?rest_route=\/wp\/v2\/posts\/1591\/revisions\/1592"}],"wp:featuredmedia":[{"embeddable":true,"href":"https:\/\/www.ibot.cas.cz\/botanika\/index.php?rest_route=\/wp\/v2\/media\/1580"}],"wp:attachment":[{"href":"https:\/\/www.ibot.cas.cz\/botanika\/index.php?rest_route=%2Fwp%2Fv2%2Fmedia&parent=1591"}],"wp:term":[{"taxonomy":"category","embeddable":true,"href":"https:\/\/www.ibot.cas.cz\/botanika\/index.php?rest_route=%2Fwp%2Fv2%2Fcategories&post=1591"},{"taxonomy":"post_tag","embeddable":true,"href":"https:\/\/www.ibot.cas.cz\/botanika\/index.php?rest_route=%2Fwp%2Fv2%2Ftags&post=1591"}],"curies":[{"name":"wp","href":"https:\/\/api.w.org\/{rel}","templated":true}]}}