{"id":1585,"date":"2025-11-07T08:24:24","date_gmt":"2025-11-07T07:24:24","guid":{"rendered":"https:\/\/www.ibot.cas.cz\/botanika\/?p=1585"},"modified":"2026-04-21T07:34:54","modified_gmt":"2026-04-21T05:34:54","slug":"co-noveho-v-ceske-flore-3","status":"publish","type":"post","link":"https:\/\/www.ibot.cas.cz\/botanika\/?p=1585","title":{"rendered":"Co nov\u00e9ho v \u010desk\u00e9 fl\u00f3\u0159e 3"},"content":{"rendered":"<p>\u010cl\u00e1nek p\u0159in\u00e1\u0161\u00ed zpr\u00e1vy o n\u00e1lezech nov\u00fdch druh\u016f \u010di k\u0159\u00ed\u017eenc\u016f, o nov\u011b nalezen\u00fdch zavle\u010den\u00fdch \u010di zplan\u011bl\u00fdch druz\u00edch, o nov\u00fdch lokalit\u00e1ch, kde byly dan\u00e9 druhy spat\u0159eny poprv\u00e9 \u010di po mnoha letech.<\/p>\n<p><span style=\"color: #0000ff;\"><a style=\"color: #0000ff;\" href=\"https:\/\/www.ibot.cas.cz\/botanika\/wp-content\/uploads\/sites\/19\/2025\/11\/Botanika-2025-02-web-96_CBS.pdf\">\u010cl\u00e1nek v pdf ke sta\u017een\u00ed<\/a>\u00a0<\/span>(427 kB)<\/p>\n<p><a href=\"https:\/\/www.ibot.cas.cz\/botanika\/wp-content\/uploads\/sites\/19\/2025\/11\/2_225-rotated.jpeg\"><img loading=\"lazy\" decoding=\"async\" class=\"alignnone wp-image-1577\" src=\"https:\/\/www.ibot.cas.cz\/botanika\/wp-content\/uploads\/sites\/19\/2025\/11\/2_225-300x225.jpeg\" alt=\"\" width=\"900\" height=\"675\" srcset=\"https:\/\/www.ibot.cas.cz\/botanika\/wp-content\/uploads\/sites\/19\/2025\/11\/2_225-300x225.jpeg 300w, https:\/\/www.ibot.cas.cz\/botanika\/wp-content\/uploads\/sites\/19\/2025\/11\/2_225-768x576.jpeg 768w, https:\/\/www.ibot.cas.cz\/botanika\/wp-content\/uploads\/sites\/19\/2025\/11\/2_225-rotated.jpeg 1024w\" sizes=\"auto, (max-width: 900px) 100vw, 900px\" \/><\/a><br \/>\nDetail kl\u00e1sku mili\u010dky zelenav\u00e1 (<em>Eragrostis virescens<\/em>) na lokalit\u011b v Olomouci. Foto V. Kafkov\u00e1<\/p>\n","protected":false},"excerpt":{"rendered":"<p>\u010cl\u00e1nek p\u0159in\u00e1\u0161\u00ed zpr\u00e1vy o n\u00e1lezech nov\u00fdch druh\u016f \u010di k\u0159\u00ed\u017eenc\u016f, o nov\u011b nalezen\u00fdch zavle\u010den\u00fdch \u010di zplan\u011bl\u00fdch druz\u00edch, o nov\u00fdch lokalit\u00e1ch, kde byly dan\u00e9 druhy spat\u0159eny poprv\u00e9 \u010di po mnoha letech. \u010cl\u00e1nek v pdf ke sta\u017een\u00ed\u00a0(427 kB) Detail kl\u00e1sku mili\u010dky zelenav\u00e1 (Eragrostis virescens) na lokalit\u011b v Olomouci. Foto V. Kafkov\u00e1<\/p>\n","protected":false},"author":4,"featured_media":1577,"comment_status":"closed","ping_status":"closed","sticky":false,"template":"","format":"standard","meta":{"_acf_changed":false,"footnotes":"","_links_to":"","_links_to_target":""},"categories":[698],"tags":[],"class_list":["post-1585","post","type-post","status-publish","format-standard","has-post-thumbnail","hentry","category-2025-2"],"acf":[],"_links":{"self":[{"href":"https:\/\/www.ibot.cas.cz\/botanika\/index.php?rest_route=\/wp\/v2\/posts\/1585","targetHints":{"allow":["GET"]}}],"collection":[{"href":"https:\/\/www.ibot.cas.cz\/botanika\/index.php?rest_route=\/wp\/v2\/posts"}],"about":[{"href":"https:\/\/www.ibot.cas.cz\/botanika\/index.php?rest_route=\/wp\/v2\/types\/post"}],"author":[{"embeddable":true,"href":"https:\/\/www.ibot.cas.cz\/botanika\/index.php?rest_route=\/wp\/v2\/users\/4"}],"replies":[{"embeddable":true,"href":"https:\/\/www.ibot.cas.cz\/botanika\/index.php?rest_route=%2Fwp%2Fv2%2Fcomments&post=1585"}],"version-history":[{"count":3,"href":"https:\/\/www.ibot.cas.cz\/botanika\/index.php?rest_route=\/wp\/v2\/posts\/1585\/revisions"}],"predecessor-version":[{"id":1607,"href":"https:\/\/www.ibot.cas.cz\/botanika\/index.php?rest_route=\/wp\/v2\/posts\/1585\/revisions\/1607"}],"wp:featuredmedia":[{"embeddable":true,"href":"https:\/\/www.ibot.cas.cz\/botanika\/index.php?rest_route=\/wp\/v2\/media\/1577"}],"wp:attachment":[{"href":"https:\/\/www.ibot.cas.cz\/botanika\/index.php?rest_route=%2Fwp%2Fv2%2Fmedia&parent=1585"}],"wp:term":[{"taxonomy":"category","embeddable":true,"href":"https:\/\/www.ibot.cas.cz\/botanika\/index.php?rest_route=%2Fwp%2Fv2%2Fcategories&post=1585"},{"taxonomy":"post_tag","embeddable":true,"href":"https:\/\/www.ibot.cas.cz\/botanika\/index.php?rest_route=%2Fwp%2Fv2%2Ftags&post=1585"}],"curies":[{"name":"wp","href":"https:\/\/api.w.org\/{rel}","templated":true}]}}