{"id":1575,"date":"2025-11-07T08:24:31","date_gmt":"2025-11-07T07:24:31","guid":{"rendered":"https:\/\/www.ibot.cas.cz\/botanika\/?p=1575"},"modified":"2026-04-21T07:34:42","modified_gmt":"2026-04-21T05:34:42","slug":"evropske-ekosystemy-reaguji-na-oteplovani-rozdilne","status":"publish","type":"post","link":"https:\/\/www.ibot.cas.cz\/botanika\/?p=1575","title":{"rendered":"Evropsk\u00e9 ekosyst\u00e9my reaguj\u00ed na oteplov\u00e1n\u00ed rozd\u00edln\u011b"},"content":{"rendered":"<p>Rostlinn\u00e1 spole\u010denstva v Evrop\u011b proch\u00e1zej\u00ed dlouhodob\u00fdmi prom\u011bnami. Druhy, kter\u00e9 d\u00e1vaj\u00ed p\u0159ednost chladn\u011bj\u0161\u00edm podm\u00ednk\u00e1m, postupn\u011b ustupuj\u00ed, zat\u00edmco teplomiln\u011bj\u0161\u00ed druhy se v\u00edce roz\u0161i\u0159uj\u00ed. Mezin\u00e1rodn\u00ed t\u00fdm v\u011bdc\u016f s \u00fa\u010dast\u00ed odborn\u00edk\u016f z Botanick\u00e9ho \u00fastavu AV \u010cR nyn\u00ed poprv\u00e9 porovnal, jak tyto zm\u011bny prob\u00edhaj\u00ed v r\u016fzn\u00fdch typech prost\u0159ed\u00ed \u2013 v les\u00edch, na louk\u00e1ch a na horsk\u00fdch vrcholech.<\/p>\n<p><a href=\"https:\/\/www.ibot.cas.cz\/botanika\/wp-content\/uploads\/sites\/19\/2025\/11\/1_225-scaled.jpg\"><img loading=\"lazy\" decoding=\"async\" class=\"alignnone wp-image-1576\" src=\"https:\/\/www.ibot.cas.cz\/botanika\/wp-content\/uploads\/sites\/19\/2025\/11\/1_225-300x200.jpg\" alt=\"\" width=\"900\" height=\"600\" srcset=\"https:\/\/www.ibot.cas.cz\/botanika\/wp-content\/uploads\/sites\/19\/2025\/11\/1_225-300x200.jpg 300w, https:\/\/www.ibot.cas.cz\/botanika\/wp-content\/uploads\/sites\/19\/2025\/11\/1_225-1024x683.jpg 1024w, https:\/\/www.ibot.cas.cz\/botanika\/wp-content\/uploads\/sites\/19\/2025\/11\/1_225-768x512.jpg 768w, https:\/\/www.ibot.cas.cz\/botanika\/wp-content\/uploads\/sites\/19\/2025\/11\/1_225-1536x1024.jpg 1536w, https:\/\/www.ibot.cas.cz\/botanika\/wp-content\/uploads\/sites\/19\/2025\/11\/1_225-2048x1365.jpg 2048w\" sizes=\"auto, (max-width: 900px) 100vw, 900px\" \/><\/a><br \/>\n<span style=\"font-size: 14px;\">Prad\u011bd \u2013 Petrovy kameny. <\/span><span style=\"font-size: 14px;\">Foto R. H\u00e9dl<\/span><\/p>\n","protected":false},"excerpt":{"rendered":"<p>Rostlinn\u00e1 spole\u010denstva v Evrop\u011b proch\u00e1zej\u00ed dlouhodob\u00fdmi prom\u011bnami. Druhy, kter\u00e9 d\u00e1vaj\u00ed p\u0159ednost chladn\u011bj\u0161\u00edm podm\u00ednk\u00e1m, postupn\u011b ustupuj\u00ed, zat\u00edmco teplomiln\u011bj\u0161\u00ed druhy se v\u00edce roz\u0161i\u0159uj\u00ed. Mezin\u00e1rodn\u00ed t\u00fdm v\u011bdc\u016f s \u00fa\u010dast\u00ed odborn\u00edk\u016f z Botanick\u00e9ho \u00fastavu AV \u010cR nyn\u00ed poprv\u00e9 porovnal, jak tyto zm\u011bny prob\u00edhaj\u00ed v r\u016fzn\u00fdch typech prost\u0159ed\u00ed \u2013 v les\u00edch, na louk\u00e1ch a na horsk\u00fdch vrcholech. Prad\u011bd \u2013 Petrovy [&hellip;]<\/p>\n","protected":false},"author":4,"featured_media":1576,"comment_status":"closed","ping_status":"closed","sticky":false,"template":"","format":"standard","meta":{"_acf_changed":false,"footnotes":"","_links_to":"","_links_to_target":""},"categories":[698],"tags":[],"class_list":["post-1575","post","type-post","status-publish","format-standard","has-post-thumbnail","hentry","category-2025-2"],"acf":[],"_links":{"self":[{"href":"https:\/\/www.ibot.cas.cz\/botanika\/index.php?rest_route=\/wp\/v2\/posts\/1575","targetHints":{"allow":["GET"]}}],"collection":[{"href":"https:\/\/www.ibot.cas.cz\/botanika\/index.php?rest_route=\/wp\/v2\/posts"}],"about":[{"href":"https:\/\/www.ibot.cas.cz\/botanika\/index.php?rest_route=\/wp\/v2\/types\/post"}],"author":[{"embeddable":true,"href":"https:\/\/www.ibot.cas.cz\/botanika\/index.php?rest_route=\/wp\/v2\/users\/4"}],"replies":[{"embeddable":true,"href":"https:\/\/www.ibot.cas.cz\/botanika\/index.php?rest_route=%2Fwp%2Fv2%2Fcomments&post=1575"}],"version-history":[{"count":1,"href":"https:\/\/www.ibot.cas.cz\/botanika\/index.php?rest_route=\/wp\/v2\/posts\/1575\/revisions"}],"predecessor-version":[{"id":1584,"href":"https:\/\/www.ibot.cas.cz\/botanika\/index.php?rest_route=\/wp\/v2\/posts\/1575\/revisions\/1584"}],"wp:featuredmedia":[{"embeddable":true,"href":"https:\/\/www.ibot.cas.cz\/botanika\/index.php?rest_route=\/wp\/v2\/media\/1576"}],"wp:attachment":[{"href":"https:\/\/www.ibot.cas.cz\/botanika\/index.php?rest_route=%2Fwp%2Fv2%2Fmedia&parent=1575"}],"wp:term":[{"taxonomy":"category","embeddable":true,"href":"https:\/\/www.ibot.cas.cz\/botanika\/index.php?rest_route=%2Fwp%2Fv2%2Fcategories&post=1575"},{"taxonomy":"post_tag","embeddable":true,"href":"https:\/\/www.ibot.cas.cz\/botanika\/index.php?rest_route=%2Fwp%2Fv2%2Ftags&post=1575"}],"curies":[{"name":"wp","href":"https:\/\/api.w.org\/{rel}","templated":true}]}}