{"id":1573,"date":"2025-11-07T08:43:16","date_gmt":"2025-11-07T07:43:16","guid":{"rendered":"https:\/\/www.ibot.cas.cz\/botanika\/?p=1573"},"modified":"2026-04-21T07:34:31","modified_gmt":"2026-04-21T05:34:31","slug":"vyslo-nove-cislo-botaniky-2-2025","status":"publish","type":"post","link":"https:\/\/www.ibot.cas.cz\/botanika\/?p=1573","title":{"rendered":"Vy\u0161lo nov\u00e9 \u010d\u00edslo Botaniky \u2013 2\/2025"},"content":{"rendered":"<p>V podzimn\u00edm \u010d\u00edsle pokra\u010duje s\u00e9rie \u010dl\u00e1nk\u016f o novink\u00e1ch v \u010desk\u00e9 fl\u00f3\u0159e, do\u010dtete se tak\u00e9 o p\u0159ezimuj\u00edc\u00edch pupenech, v\u00fdmladkov\u00fdch les\u00edch, \u0161t\u011brkop\u00edskov\u00fdch n\u00e1plavech na Labi \u010di o p\u00e1tr\u00e1n\u00ed po ciz\u00edch genech v genomech je\u010dmen\u016f. Detektivn\u00ed p\u00e1tr\u00e1n\u00ed p\u0159ipom\u00edn\u00e1 i studium evolu\u010dn\u00ed historie horsk\u00fdch jest\u0159\u00e1bn\u00edk\u016f. \u010c\u00edslo uzav\u00edr\u00e1 \u010dl\u00e1nek o pomologick\u00e9m arboretu v Pr\u016fhonic\u00edch na Chotobuzi, kter\u00e9 je nejstar\u0161\u00edm sb\u00edrkov\u00fdm ovocn\u00e1\u0159sk\u00fdm arboretem v \u010cR.<\/p>\n<p><a href=\"https:\/\/www.ibot.cas.cz\/botanika\/wp-content\/uploads\/sites\/19\/2025\/11\/Botanika-2025-02-web-96_obsah.pdf\"><img loading=\"lazy\" decoding=\"async\" class=\"alignnone wp-image-1601 size-medium\" src=\"https:\/\/www.ibot.cas.cz\/botanika\/wp-content\/uploads\/sites\/19\/2025\/11\/Botanika-2025-02-web-96_obsah-212x300.jpg\" alt=\"\" width=\"212\" height=\"300\" srcset=\"https:\/\/www.ibot.cas.cz\/botanika\/wp-content\/uploads\/sites\/19\/2025\/11\/Botanika-2025-02-web-96_obsah-212x300.jpg 212w, https:\/\/www.ibot.cas.cz\/botanika\/wp-content\/uploads\/sites\/19\/2025\/11\/Botanika-2025-02-web-96_obsah-725x1024.jpg 725w, https:\/\/www.ibot.cas.cz\/botanika\/wp-content\/uploads\/sites\/19\/2025\/11\/Botanika-2025-02-web-96_obsah-768x1085.jpg 768w, https:\/\/www.ibot.cas.cz\/botanika\/wp-content\/uploads\/sites\/19\/2025\/11\/Botanika-2025-02-web-96_obsah-1087x1536.jpg 1087w, https:\/\/www.ibot.cas.cz\/botanika\/wp-content\/uploads\/sites\/19\/2025\/11\/Botanika-2025-02-web-96_obsah.jpg 1241w\" sizes=\"auto, (max-width: 212px) 100vw, 212px\" \/><\/a><\/p>\n","protected":false},"excerpt":{"rendered":"<p>V podzimn\u00edm \u010d\u00edsle pokra\u010duje s\u00e9rie \u010dl\u00e1nk\u016f o novink\u00e1ch v \u010desk\u00e9 fl\u00f3\u0159e, do\u010dtete se tak\u00e9 o p\u0159ezimuj\u00edc\u00edch pupenech, v\u00fdmladkov\u00fdch les\u00edch, \u0161t\u011brkop\u00edskov\u00fdch n\u00e1plavech na Labi \u010di o p\u00e1tr\u00e1n\u00ed po ciz\u00edch genech v genomech je\u010dmen\u016f. Detektivn\u00ed p\u00e1tr\u00e1n\u00ed p\u0159ipom\u00edn\u00e1 i studium evolu\u010dn\u00ed historie horsk\u00fdch jest\u0159\u00e1bn\u00edk\u016f. \u010c\u00edslo uzav\u00edr\u00e1 \u010dl\u00e1nek o pomologick\u00e9m arboretu v Pr\u016fhonic\u00edch na Chotobuzi, kter\u00e9 je nejstar\u0161\u00edm sb\u00edrkov\u00fdm [&hellip;]<\/p>\n","protected":false},"author":4,"featured_media":1604,"comment_status":"closed","ping_status":"closed","sticky":false,"template":"","format":"standard","meta":{"_acf_changed":false,"footnotes":"","_links_to":"","_links_to_target":""},"categories":[698],"tags":[],"class_list":["post-1573","post","type-post","status-publish","format-standard","has-post-thumbnail","hentry","category-2025-2"],"acf":[],"_links":{"self":[{"href":"https:\/\/www.ibot.cas.cz\/botanika\/index.php?rest_route=\/wp\/v2\/posts\/1573","targetHints":{"allow":["GET"]}}],"collection":[{"href":"https:\/\/www.ibot.cas.cz\/botanika\/index.php?rest_route=\/wp\/v2\/posts"}],"about":[{"href":"https:\/\/www.ibot.cas.cz\/botanika\/index.php?rest_route=\/wp\/v2\/types\/post"}],"author":[{"embeddable":true,"href":"https:\/\/www.ibot.cas.cz\/botanika\/index.php?rest_route=\/wp\/v2\/users\/4"}],"replies":[{"embeddable":true,"href":"https:\/\/www.ibot.cas.cz\/botanika\/index.php?rest_route=%2Fwp%2Fv2%2Fcomments&post=1573"}],"version-history":[{"count":2,"href":"https:\/\/www.ibot.cas.cz\/botanika\/index.php?rest_route=\/wp\/v2\/posts\/1573\/revisions"}],"predecessor-version":[{"id":1603,"href":"https:\/\/www.ibot.cas.cz\/botanika\/index.php?rest_route=\/wp\/v2\/posts\/1573\/revisions\/1603"}],"wp:featuredmedia":[{"embeddable":true,"href":"https:\/\/www.ibot.cas.cz\/botanika\/index.php?rest_route=\/wp\/v2\/media\/1604"}],"wp:attachment":[{"href":"https:\/\/www.ibot.cas.cz\/botanika\/index.php?rest_route=%2Fwp%2Fv2%2Fmedia&parent=1573"}],"wp:term":[{"taxonomy":"category","embeddable":true,"href":"https:\/\/www.ibot.cas.cz\/botanika\/index.php?rest_route=%2Fwp%2Fv2%2Fcategories&post=1573"},{"taxonomy":"post_tag","embeddable":true,"href":"https:\/\/www.ibot.cas.cz\/botanika\/index.php?rest_route=%2Fwp%2Fv2%2Ftags&post=1573"}],"curies":[{"name":"wp","href":"https:\/\/api.w.org\/{rel}","templated":true}]}}